{"id":2930,"date":"2024-08-07T11:45:34","date_gmt":"2024-08-07T11:45:34","guid":{"rendered":"https:\/\/wuselkusen.de\/?p=2930"},"modified":"2024-08-07T11:57:11","modified_gmt":"2024-08-07T11:57:11","slug":"abschlussfest-der-spielstadt-wuselkusen","status":"publish","type":"post","link":"https:\/\/wuselkusen.de\/?p=2930","title":{"rendered":"Abschlussfest der Spielstadt Wuselkusen 2024"},"content":{"rendered":"<table style=\"border-collapse: collapse; width: 100%;\">\n<tbody>\n<tr>\n<td style=\"width: 1.28053%;\">\u00a0<\/td>\n<td style=\"width: 98.7195%;\">\n<p>Eine fantastische Ferienwoche in der Spielstadt Wuselkusen endete am letzten Samstag mit einem grandiosen Stadtfest. Die gesamte Woche \u00fcber hatten die Kinder die Gelegenheit, in verschiedenen Rollen und Berufen die Spielstadt zu erkunden und spielerisch zu erleben. Zum Abschluss dieser besonderen Woche \u00f6ffnete Wuselkusen seine Tore f\u00fcr Geschwister, Eltern und Freunde der Teilnehmenden, die bei Stadtf\u00fchrungen die Gelegenheit hatten, die liebevoll gestaltete Spielstadt kennenzulernen und einen Einblick in die kreativen Projekte und Aktivit\u00e4ten der Kinder zu bekommen.<\/p>\n<p>Das Stadtfest wurde durch zahlreiche H\u00f6hepunkte bereichert. Die Kinder pr\u00e4sentierten stolz ihre Auftritte, die sie im Laufe der Woche einstudiert hatten. Dabei begeisterten sie das Publikum mit Theaterst\u00fccken, musikalischen Darbietungen und T\u00e4nzen. Ein besonderer Moment des Festes war die Auff\u00fchrung des eigens produzierten Wuselkusen-Liedes, das von den Kindern selbst geschrieben und komponiert wurde. Die eing\u00e4ngigen Melodien und die fr\u00f6hlichen Texte spiegelten die Erlebnisse und die Gemeinschaft der vergangenen Woche wider und sorgten f\u00fcr eine ausgelassene Stimmung.<\/p>\n<p>Die Eltern und Besucher waren beeindruckt von der Kreativit\u00e4t und dem Engagement der Kinder. Viele lobten die Organisatoren f\u00fcr das vielf\u00e4ltige Programm und die M\u00f6glichkeit, den Kindern eine solche unvergessliche Ferienwoche zu erm\u00f6glichen. Das Stadtfest in Wuselkusen war nicht nur der kr\u00f6nende Abschluss einer gelungenen Woche, sondern auch ein wunderbares Erlebnis f\u00fcr die gesamte Familie.<\/p>\n<p>Das Spielstadt TEAM freut sich bereits heute auf Wuselkusen 2026.<\/p>\n<p>&nbsp;<\/p>\n<\/td>\n<\/tr>\n<\/tbody>\n<\/table>\n<p>&nbsp;<\/p>\n","protected":false},"excerpt":{"rendered":"<p>\u00a0 Eine fantastische Ferienwoche in der Spielstadt Wuselkusen endete am letzten Samstag mit einem grandiosen Stadtfest. Die gesamte Woche \u00fcber hatten die Kinder die Gelegenheit, in verschiedenen Rollen und Berufen die Spielstadt zu erkunden und spielerisch zu erleben. Zum Abschluss dieser besonderen Woche \u00f6ffnete Wuselkusen seine Tore f\u00fcr Geschwister, Eltern und Freunde der Teilnehmenden, die [&hellip;]<\/p>\n","protected":false},"author":2,"featured_media":2929,"comment_status":"closed","ping_status":"open","sticky":false,"template":"","format":"standard","meta":{"footnotes":""},"categories":[1],"tags":[],"class_list":["post-2930","post","type-post","status-publish","format-standard","has-post-thumbnail","hentry","category-uncategorized"],"_links":{"self":[{"href":"https:\/\/wuselkusen.de\/index.php?rest_route=\/wp\/v2\/posts\/2930","targetHints":{"allow":["GET"]}}],"collection":[{"href":"https:\/\/wuselkusen.de\/index.php?rest_route=\/wp\/v2\/posts"}],"about":[{"href":"https:\/\/wuselkusen.de\/index.php?rest_route=\/wp\/v2\/types\/post"}],"author":[{"embeddable":true,"href":"https:\/\/wuselkusen.de\/index.php?rest_route=\/wp\/v2\/users\/2"}],"replies":[{"embeddable":true,"href":"https:\/\/wuselkusen.de\/index.php?rest_route=%2Fwp%2Fv2%2Fcomments&post=2930"}],"version-history":[{"count":5,"href":"https:\/\/wuselkusen.de\/index.php?rest_route=\/wp\/v2\/posts\/2930\/revisions"}],"predecessor-version":[{"id":2949,"href":"https:\/\/wuselkusen.de\/index.php?rest_route=\/wp\/v2\/posts\/2930\/revisions\/2949"}],"wp:featuredmedia":[{"embeddable":true,"href":"https:\/\/wuselkusen.de\/index.php?rest_route=\/wp\/v2\/media\/2929"}],"wp:attachment":[{"href":"https:\/\/wuselkusen.de\/index.php?rest_route=%2Fwp%2Fv2%2Fmedia&parent=2930"}],"wp:term":[{"taxonomy":"category","embeddable":true,"href":"https:\/\/wuselkusen.de\/index.php?rest_route=%2Fwp%2Fv2%2Fcategories&post=2930"},{"taxonomy":"post_tag","embeddable":true,"href":"https:\/\/wuselkusen.de\/index.php?rest_route=%2Fwp%2Fv2%2Ftags&post=2930"}],"curies":[{"name":"wp","href":"https:\/\/api.w.org\/{rel}","templated":true}]}}