{"id":2874,"date":"2024-08-03T09:59:42","date_gmt":"2024-08-03T09:59:42","guid":{"rendered":"https:\/\/wuselkusen.de\/?p=2874"},"modified":"2024-08-03T10:04:13","modified_gmt":"2024-08-03T10:04:13","slug":"einladung-zum-stadtfest","status":"publish","type":"post","link":"https:\/\/wuselkusen.de\/?p=2874","title":{"rendered":"Einladung zum Stadtfest"},"content":{"rendered":"<p>Es ist endlich wieder so weit: Das gro\u00dfe Stadtfest in Wuselkusen steht vor der T\u00fcr! Am <strong>Samstag, den 03.08.2024 ab 15:00 Uhr <\/strong>verwandelt sich unsere wunderbare Stadt in ein einziges Abenteuerland.<\/p>\n<p>Geschwister, Eltern und Freunde der Spielstadt sind herzlich eingeladen, einen exklusiven Einblick in die fantastische Woche der Spielstadt zu erhalten.<\/p>\n<p>Ein besonderes Highlight des Stadtfestes ist das <strong>B\u00fchnenprogramm<\/strong>, das mit tollen Auff\u00fchrungen und Shows f\u00fcr gro\u00dfen Spa\u00df sorgt.<\/p>\n<p>Kommt vorbei, bringt eure Freunde und Familie mit und erlebt gemeinsam einen unvergesslichen Tag voller Lachen, Spielen und Feiern! Der Eintritt ist frei, und die Freude ist garantiert!<\/p>\n<p>Wir freuen uns auf euch und auf einen Tag voller bunter Momente in der Spielstadt Wuselkusen!<\/p>\n","protected":false},"excerpt":{"rendered":"<p>Es ist endlich wieder so weit: Das gro\u00dfe Stadtfest in Wuselkusen steht vor der T\u00fcr! Am Samstag, den 03.08.2024 ab 15:00 Uhr verwandelt sich unsere wunderbare Stadt in ein einziges Abenteuerland. Geschwister, Eltern und Freunde der Spielstadt sind herzlich eingeladen, einen exklusiven Einblick in die fantastische Woche der Spielstadt zu erhalten. Ein besonderes Highlight des [&hellip;]<\/p>\n","protected":false},"author":2,"featured_media":2877,"comment_status":"closed","ping_status":"open","sticky":false,"template":"","format":"standard","meta":{"footnotes":""},"categories":[1],"tags":[],"class_list":["post-2874","post","type-post","status-publish","format-standard","has-post-thumbnail","hentry","category-uncategorized"],"_links":{"self":[{"href":"https:\/\/wuselkusen.de\/index.php?rest_route=\/wp\/v2\/posts\/2874","targetHints":{"allow":["GET"]}}],"collection":[{"href":"https:\/\/wuselkusen.de\/index.php?rest_route=\/wp\/v2\/posts"}],"about":[{"href":"https:\/\/wuselkusen.de\/index.php?rest_route=\/wp\/v2\/types\/post"}],"author":[{"embeddable":true,"href":"https:\/\/wuselkusen.de\/index.php?rest_route=\/wp\/v2\/users\/2"}],"replies":[{"embeddable":true,"href":"https:\/\/wuselkusen.de\/index.php?rest_route=%2Fwp%2Fv2%2Fcomments&post=2874"}],"version-history":[{"count":1,"href":"https:\/\/wuselkusen.de\/index.php?rest_route=\/wp\/v2\/posts\/2874\/revisions"}],"predecessor-version":[{"id":2876,"href":"https:\/\/wuselkusen.de\/index.php?rest_route=\/wp\/v2\/posts\/2874\/revisions\/2876"}],"wp:featuredmedia":[{"embeddable":true,"href":"https:\/\/wuselkusen.de\/index.php?rest_route=\/wp\/v2\/media\/2877"}],"wp:attachment":[{"href":"https:\/\/wuselkusen.de\/index.php?rest_route=%2Fwp%2Fv2%2Fmedia&parent=2874"}],"wp:term":[{"taxonomy":"category","embeddable":true,"href":"https:\/\/wuselkusen.de\/index.php?rest_route=%2Fwp%2Fv2%2Fcategories&post=2874"},{"taxonomy":"post_tag","embeddable":true,"href":"https:\/\/wuselkusen.de\/index.php?rest_route=%2Fwp%2Fv2%2Ftags&post=2874"}],"curies":[{"name":"wp","href":"https:\/\/api.w.org\/{rel}","templated":true}]}}