{"id":2869,"date":"2024-08-03T09:44:41","date_gmt":"2024-08-03T09:44:41","guid":{"rendered":"https:\/\/wuselkusen.de\/?p=2869"},"modified":"2024-08-03T09:44:41","modified_gmt":"2024-08-03T09:44:41","slug":"wuselkusen-hat-gewaehlt-2","status":"publish","type":"post","link":"https:\/\/wuselkusen.de\/?p=2869","title":{"rendered":"Wuselkusen hat gew\u00e4hlt"},"content":{"rendered":"<p><span style=\"color: #000000;\">Gestern Morgen wurde gew\u00e4hlt, und es herrschte ordentliches Gedr\u00e4nge. Nach der Ausz\u00e4hlung der Stimmen stehen nun die neuen Mitglieder des Stadtrats und die neue B\u00fcrgermeisterin fest.<\/span><\/p>\n<p><span style=\"color: #000000;\">Herzlichen Gl\u00fcckwunsch an Lia Metzdorf zur Wahl als B\u00fcrgermeisterin sowie an die neu gew\u00e4hlten Stadtr\u00e4te: Merit Schu, Amadea Schnith, Emma Didion, Justus Schedler, Zoey Kr\u00e4mer und Marleen Krabiell.<\/span><\/p>\n<p><span style=\"color: #000000;\">Um den B\u00fcrger <\/span><span style=\"color: #000000;\">von Wuselkusen die M\u00f6glichkeit zu geben, ihre Ideen und Vorschl\u00e4ge direkt einzubringen, hat der Stadtrat beschlossen, an der Stadtverwaltung eine Briefkasten- und Wunschbox einzurichten. Diese Box bietet eine hervorragende Gelegenheit f\u00fcr alle, sich aktiv an der Weiterentwicklung ihrer Stadt zu beteiligen und ihre Anregungen oder Anliegen zu \u00fcbermitteln.<\/span><\/p>\n","protected":false},"excerpt":{"rendered":"<p>Gestern Morgen wurde gew\u00e4hlt, und es herrschte ordentliches Gedr\u00e4nge. Nach der Ausz\u00e4hlung der Stimmen stehen nun die neuen Mitglieder des Stadtrats und die neue B\u00fcrgermeisterin fest. Herzlichen Gl\u00fcckwunsch an Lia Metzdorf zur Wahl als B\u00fcrgermeisterin sowie an die neu gew\u00e4hlten Stadtr\u00e4te: Merit Schu, Amadea Schnith, Emma Didion, Justus Schedler, Zoey Kr\u00e4mer und Marleen Krabiell. Um [&hellip;]<\/p>\n","protected":false},"author":2,"featured_media":2870,"comment_status":"closed","ping_status":"open","sticky":false,"template":"","format":"standard","meta":{"footnotes":""},"categories":[1],"tags":[],"class_list":["post-2869","post","type-post","status-publish","format-standard","has-post-thumbnail","hentry","category-uncategorized"],"_links":{"self":[{"href":"https:\/\/wuselkusen.de\/index.php?rest_route=\/wp\/v2\/posts\/2869","targetHints":{"allow":["GET"]}}],"collection":[{"href":"https:\/\/wuselkusen.de\/index.php?rest_route=\/wp\/v2\/posts"}],"about":[{"href":"https:\/\/wuselkusen.de\/index.php?rest_route=\/wp\/v2\/types\/post"}],"author":[{"embeddable":true,"href":"https:\/\/wuselkusen.de\/index.php?rest_route=\/wp\/v2\/users\/2"}],"replies":[{"embeddable":true,"href":"https:\/\/wuselkusen.de\/index.php?rest_route=%2Fwp%2Fv2%2Fcomments&post=2869"}],"version-history":[{"count":1,"href":"https:\/\/wuselkusen.de\/index.php?rest_route=\/wp\/v2\/posts\/2869\/revisions"}],"predecessor-version":[{"id":2871,"href":"https:\/\/wuselkusen.de\/index.php?rest_route=\/wp\/v2\/posts\/2869\/revisions\/2871"}],"wp:featuredmedia":[{"embeddable":true,"href":"https:\/\/wuselkusen.de\/index.php?rest_route=\/wp\/v2\/media\/2870"}],"wp:attachment":[{"href":"https:\/\/wuselkusen.de\/index.php?rest_route=%2Fwp%2Fv2%2Fmedia&parent=2869"}],"wp:term":[{"taxonomy":"category","embeddable":true,"href":"https:\/\/wuselkusen.de\/index.php?rest_route=%2Fwp%2Fv2%2Fcategories&post=2869"},{"taxonomy":"post_tag","embeddable":true,"href":"https:\/\/wuselkusen.de\/index.php?rest_route=%2Fwp%2Fv2%2Ftags&post=2869"}],"curies":[{"name":"wp","href":"https:\/\/api.w.org\/{rel}","templated":true}]}}