{"id":2867,"date":"2024-08-03T09:31:48","date_gmt":"2024-08-03T09:31:48","guid":{"rendered":"https:\/\/wuselkusen.de\/?p=2867"},"modified":"2024-08-03T09:31:48","modified_gmt":"2024-08-03T09:31:48","slug":"der-volksfreund-besucht-wuselkusen","status":"publish","type":"post","link":"https:\/\/wuselkusen.de\/?p=2867","title":{"rendered":"Der Volksfreund besucht Wuselkusen"},"content":{"rendered":"<p>Gestern hatten wir das Vergn\u00fcgen, Christian Kremer vom Trierischen Volksfreund bei uns zu begr\u00fc\u00dfen. Er gab uns einen spannenden Einblick in das Leben als Reporter und erkl\u00e4rte, wie der Volksfreund aufgebaut ist. Die Zeitung behandelt eine Vielzahl von Themen, darunter Politik, Wirtschaft, Sport und lokale Nachrichten. Interessanterweise gibt es auch eine Seite \u00fcber Luxemburg. Neben der traditionellen Printausgabe ist der Volksfreund mittlerweile auch auf Instagram und TikTok aktiv, bleibt jedoch eine lokale Zeitung.<\/p>\n<p>Christian Kremer teilte mit uns die wichtige Reporterregel, dass jede Information in einem Artikel durch mindestens zwei Quellen belegt sein sollte. Zudem wies er darauf hin, dass man beim Lesen von Online-Inhalten auf ein Impressum achten sollte. Besonders betonte er, dass ein guter Artikel die W-Fragen (Wer, Warum, Wann, Was, Wo) beantworten muss.<\/p>\n<p>Wir danken Christian Kremer herzlich f\u00fcr die aufschlussreiche Stunde und seinen Besuch in unserer Stadt. Der Volksfreund ist also nicht nur in gedruckter Form, sondern auch digital und auf sozialen Medien pr\u00e4sent.<\/p>\n","protected":false},"excerpt":{"rendered":"<p>Gestern hatten wir das Vergn\u00fcgen, Christian Kremer vom Trierischen Volksfreund bei uns zu begr\u00fc\u00dfen. Er gab uns einen spannenden Einblick in das Leben als Reporter und erkl\u00e4rte, wie der Volksfreund aufgebaut ist. Die Zeitung behandelt eine Vielzahl von Themen, darunter Politik, Wirtschaft, Sport und lokale Nachrichten. Interessanterweise gibt es auch eine Seite \u00fcber Luxemburg. Neben [&hellip;]<\/p>\n","protected":false},"author":2,"featured_media":2614,"comment_status":"closed","ping_status":"open","sticky":false,"template":"","format":"standard","meta":{"footnotes":""},"categories":[1],"tags":[],"class_list":["post-2867","post","type-post","status-publish","format-standard","has-post-thumbnail","hentry","category-uncategorized"],"_links":{"self":[{"href":"https:\/\/wuselkusen.de\/index.php?rest_route=\/wp\/v2\/posts\/2867","targetHints":{"allow":["GET"]}}],"collection":[{"href":"https:\/\/wuselkusen.de\/index.php?rest_route=\/wp\/v2\/posts"}],"about":[{"href":"https:\/\/wuselkusen.de\/index.php?rest_route=\/wp\/v2\/types\/post"}],"author":[{"embeddable":true,"href":"https:\/\/wuselkusen.de\/index.php?rest_route=\/wp\/v2\/users\/2"}],"replies":[{"embeddable":true,"href":"https:\/\/wuselkusen.de\/index.php?rest_route=%2Fwp%2Fv2%2Fcomments&post=2867"}],"version-history":[{"count":1,"href":"https:\/\/wuselkusen.de\/index.php?rest_route=\/wp\/v2\/posts\/2867\/revisions"}],"predecessor-version":[{"id":2868,"href":"https:\/\/wuselkusen.de\/index.php?rest_route=\/wp\/v2\/posts\/2867\/revisions\/2868"}],"wp:featuredmedia":[{"embeddable":true,"href":"https:\/\/wuselkusen.de\/index.php?rest_route=\/wp\/v2\/media\/2614"}],"wp:attachment":[{"href":"https:\/\/wuselkusen.de\/index.php?rest_route=%2Fwp%2Fv2%2Fmedia&parent=2867"}],"wp:term":[{"taxonomy":"category","embeddable":true,"href":"https:\/\/wuselkusen.de\/index.php?rest_route=%2Fwp%2Fv2%2Fcategories&post=2867"},{"taxonomy":"post_tag","embeddable":true,"href":"https:\/\/wuselkusen.de\/index.php?rest_route=%2Fwp%2Fv2%2Ftags&post=2867"}],"curies":[{"name":"wp","href":"https:\/\/api.w.org\/{rel}","templated":true}]}}