{"id":2861,"date":"2024-08-03T08:54:31","date_gmt":"2024-08-03T08:54:31","guid":{"rendered":"https:\/\/wuselkusen.de\/?p=2861"},"modified":"2024-08-03T08:54:31","modified_gmt":"2024-08-03T08:54:31","slug":"pressemitteilung-der-stadtverwaltung","status":"publish","type":"post","link":"https:\/\/wuselkusen.de\/?p=2861","title":{"rendered":"Pressemitteilung der Stadtverwaltung"},"content":{"rendered":"<p>Die Stadtverwaltung Wuselkusen startet die Suche nach engagierten und motivierten B\u00fcrgerinnen und B\u00fcrgern, die Interesse daran haben, sich f\u00fcr den neuen Stadtrat und das B\u00fcrgermeisteramt zu kandidieren.<\/p>\n<h4>Deine Chance, Wuselkusen aktiv mitzugestalten<\/h4>\n<p>In einer Pressemitteilung betonte die Stadtverwaltung die Bedeutung von B\u00fcrgerbeteiligung und Demokratie. &#8222;Dies ist eine gro\u00dfartige Gelegenheit f\u00fcr alle, die einen positiven Beitrag zur Entwicklung unserer Stadt leisten m\u00f6chten&#8220;, sagte B\u00fcroleiterin Sophia. &#8222;Wir suchen nach Personen, die Ideen, Engagement und eine Leidenschaft f\u00fcr Wuselkusen mitbringen.&#8220;<\/p>\n<p>Interessierte B\u00fcrgerinnen und B\u00fcrger k\u00f6nnen sich bis zum 30<strong>. Juli 2024, 17:00 Uhr<\/strong> schriftlich bei der Stadtverwaltung bewerben. Die Bewerbung sollte ein Motivationsschreiben, einen Lebenslauf und gegebenenfalls Nachweise \u00fcber relevante Qualifikationen enthalten.<\/p>\n<p>Die Unterlagen sind an folgende Adresse zu senden: Stadtverwaltung Wuselkusen<br \/>\nRathausplatz 1<br \/>\n12345 Wuselkusen<\/p>\n<p>Um den B\u00fcrger*innen die M\u00f6glichkeit zu geben, sich umfassend zu informieren, plant die Stadtverwaltung mehrere Informationsveranstaltungen und B\u00fcrgerforen. Diese bieten eine Plattform, um Fragen zu stellen und mehr \u00fcber die Aufgaben und Verantwortlichkeiten eines Stadtrats- oder B\u00fcrgermeisteramtskandidaten zu erfahren. Die Termine und Orte der Veranstaltungen werden in K\u00fcrze\u00a0 ver\u00f6ffentlicht.<\/p>\n<h4>Dein Engagement z\u00e4hlt<\/h4>\n<p>Die Stadtverwaltung ermutigt alle interessierten und qualifizierten B\u00fcrger*innen, diese Chance zu nutzen. &#8222;Die Beteiligung der B\u00fcrger ist das Herzst\u00fcck unserer Demokratie. Jeder einzelne Beitrag ist wertvoll&#8220;, f\u00fcgte B\u00fcroleiterin Sophia hinzu.<\/p>\n<p>F\u00fcr weitere Informationen steht das Wahlb\u00fcro der Stadt Wuselkusen zur Verf\u00fcgung.<\/p>\n<p>Nutze diese Gelegenheit, um aktiv an der Gestaltung der Zukunft von Wuselkusens mitzuwirken. Ihre Stadt z\u00e4hlt auf Sie!<\/p>\n","protected":false},"excerpt":{"rendered":"<p>Die Stadtverwaltung Wuselkusen startet die Suche nach engagierten und motivierten B\u00fcrgerinnen und B\u00fcrgern, die Interesse daran haben, sich f\u00fcr den neuen Stadtrat und das B\u00fcrgermeisteramt zu kandidieren. Deine Chance, Wuselkusen aktiv mitzugestalten In einer Pressemitteilung betonte die Stadtverwaltung die Bedeutung von B\u00fcrgerbeteiligung und Demokratie. &#8222;Dies ist eine gro\u00dfartige Gelegenheit f\u00fcr alle, die einen positiven Beitrag [&hellip;]<\/p>\n","protected":false},"author":2,"featured_media":2862,"comment_status":"closed","ping_status":"open","sticky":false,"template":"","format":"standard","meta":{"footnotes":""},"categories":[1],"tags":[],"class_list":["post-2861","post","type-post","status-publish","format-standard","has-post-thumbnail","hentry","category-uncategorized"],"_links":{"self":[{"href":"https:\/\/wuselkusen.de\/index.php?rest_route=\/wp\/v2\/posts\/2861","targetHints":{"allow":["GET"]}}],"collection":[{"href":"https:\/\/wuselkusen.de\/index.php?rest_route=\/wp\/v2\/posts"}],"about":[{"href":"https:\/\/wuselkusen.de\/index.php?rest_route=\/wp\/v2\/types\/post"}],"author":[{"embeddable":true,"href":"https:\/\/wuselkusen.de\/index.php?rest_route=\/wp\/v2\/users\/2"}],"replies":[{"embeddable":true,"href":"https:\/\/wuselkusen.de\/index.php?rest_route=%2Fwp%2Fv2%2Fcomments&post=2861"}],"version-history":[{"count":1,"href":"https:\/\/wuselkusen.de\/index.php?rest_route=\/wp\/v2\/posts\/2861\/revisions"}],"predecessor-version":[{"id":2863,"href":"https:\/\/wuselkusen.de\/index.php?rest_route=\/wp\/v2\/posts\/2861\/revisions\/2863"}],"wp:featuredmedia":[{"embeddable":true,"href":"https:\/\/wuselkusen.de\/index.php?rest_route=\/wp\/v2\/media\/2862"}],"wp:attachment":[{"href":"https:\/\/wuselkusen.de\/index.php?rest_route=%2Fwp%2Fv2%2Fmedia&parent=2861"}],"wp:term":[{"taxonomy":"category","embeddable":true,"href":"https:\/\/wuselkusen.de\/index.php?rest_route=%2Fwp%2Fv2%2Fcategories&post=2861"},{"taxonomy":"post_tag","embeddable":true,"href":"https:\/\/wuselkusen.de\/index.php?rest_route=%2Fwp%2Fv2%2Ftags&post=2861"}],"curies":[{"name":"wp","href":"https:\/\/api.w.org\/{rel}","templated":true}]}}