{"id":2523,"date":"2024-07-12T16:06:25","date_gmt":"2024-07-12T16:06:25","guid":{"rendered":"https:\/\/wuselkusen.de\/?p=2523"},"modified":"2024-08-03T08:24:16","modified_gmt":"2024-08-03T08:24:16","slug":"wuselkusen-2024","status":"publish","type":"post","link":"https:\/\/wuselkusen.de\/?p=2523","title":{"rendered":"Wuselkusen 2024"},"content":{"rendered":"<div class=\"html-div xe8uvvx xdj266r x11i5rnm xat24cr x1mh8g0r xexx8yu x4uap5 x18d9i69 xkhd6sd\" dir=\"auto\">\n<div id=\":r28n:\" class=\"x1iorvi4 x1pi30zi x1l90r2v x1swvt13\" data-ad-comet-preview=\"message\" data-ad-preview=\"message\">\n<div class=\"x78zum5 xdt5ytf xz62fqu x16ldp7u\">\n<div class=\"xu06os2 x1ok221b\">\n<p>Das Warten hat bald ein Ende: Am Montag, den 29.07.2024, \u00f6ffnet die Spielstadt \u201eWuselkusen\u201c in Konz endlich ihre Tore.<\/p>\n<h3>Vorbereitungen auf Hochtouren<\/h3>\n<p>Die Vorbereitungen laufen derzeit auf Hochtouren. Auf \u00fcber 1.500 Quadratmetern entsteht im und rund um das Haus der Jugend in Konz die diesj\u00e4hrige Spielstadt. Das gro\u00dfe Zelt steht bereits, und die vielen Helferinnen und Helfer richten die \u00fcber 30 Betriebe ein, sodass alles bereit ist f\u00fcr den Start.<\/p>\n<h3>Einzigartige Lern- und Spielwelt<\/h3>\n<p>Wuselkusen ist eine au\u00dfergew\u00f6hnliche Spielstadt, die Kindern die M\u00f6glichkeit bietet, die Welt durch Spielen zu entdecken und zu lernen. Die Stadt \u00e4hnelt einer echten Stadt mit Handwerksbetrieben, Restaurants, Banken, einem Kino und einem Freizeitpark. Hier haben die Kinder die Chance, ihre Alltagserfahrungen wiederzuerkennen, gesellschaftliche Arbeitsprozesse zu verstehen und aktiv in diese einzugreifen. Die Besonderheit von Wuselkusen: Alle B\u00fcrger sind h\u00f6chstens 13 Jahre alt.<\/p>\n<h3>Partizipation und Lernen<\/h3>\n<p>Die Spielstadt ist ein Partizipationsprojekt f\u00fcr Kinder im Alter von 7 bis 13 Jahren. In ernst genommenen Rollen und Funktionen lernen die Kinder die Bereiche einer modernen Stadt kennen, treffen Entscheidungen, l\u00f6sen Konflikte und werden zu demokratischem und politischem Handeln angeregt. Die eigene W\u00e4hrung, der \u201eWusel\u201c, sowie ein Stadtrat und eine B\u00fcrgermeisterin machen die Erfahrung noch realistischer.<\/p>\n<h3>Das Spielstadt-Team freut sich<\/h3>\n<p>Das Spielstadt-Team freut sich bereits auf die vielen neuen B\u00fcrger und B\u00fcrgerinnen der diesj\u00e4hrigen Spielstadt Wuselkusen. Diese besondere Lernumgebung zeigt, dass Spielen eine wertvolle Methode des Lernens ist. Die Kinder erwerben Wissen nicht nur theoretisch, sondern durch praktisches Handeln und echte Erfahrungen. Wuselkusen wird so zu einem bedeutenden p\u00e4dagogischen Projekt, das Kinder kreativ und engagiert auf das Leben vorbereitet.<\/p>\n<p>Die Spielstadt ist bereits seit Monaten ausgebucht, so dass man sich nicht mehr anmelden kann.<\/p>\n<\/div>\n<\/div>\n<\/div>\n<\/div>\n","protected":false},"excerpt":{"rendered":"<p>Das Warten hat bald ein Ende: Am Montag, den 29.07.2024, \u00f6ffnet die Spielstadt \u201eWuselkusen\u201c in Konz endlich ihre Tore. Vorbereitungen auf Hochtouren Die Vorbereitungen laufen derzeit auf Hochtouren. Auf \u00fcber 1.500 Quadratmetern entsteht im und rund um das Haus der Jugend in Konz die diesj\u00e4hrige Spielstadt. Das gro\u00dfe Zelt steht bereits, und die vielen Helferinnen [&hellip;]<\/p>\n","protected":false},"author":2,"featured_media":2525,"comment_status":"open","ping_status":"open","sticky":false,"template":"","format":"standard","meta":{"footnotes":""},"categories":[1],"tags":[],"class_list":["post-2523","post","type-post","status-publish","format-standard","has-post-thumbnail","hentry","category-uncategorized"],"_links":{"self":[{"href":"https:\/\/wuselkusen.de\/index.php?rest_route=\/wp\/v2\/posts\/2523","targetHints":{"allow":["GET"]}}],"collection":[{"href":"https:\/\/wuselkusen.de\/index.php?rest_route=\/wp\/v2\/posts"}],"about":[{"href":"https:\/\/wuselkusen.de\/index.php?rest_route=\/wp\/v2\/types\/post"}],"author":[{"embeddable":true,"href":"https:\/\/wuselkusen.de\/index.php?rest_route=\/wp\/v2\/users\/2"}],"replies":[{"embeddable":true,"href":"https:\/\/wuselkusen.de\/index.php?rest_route=%2Fwp%2Fv2%2Fcomments&post=2523"}],"version-history":[{"count":3,"href":"https:\/\/wuselkusen.de\/index.php?rest_route=\/wp\/v2\/posts\/2523\/revisions"}],"predecessor-version":[{"id":2528,"href":"https:\/\/wuselkusen.de\/index.php?rest_route=\/wp\/v2\/posts\/2523\/revisions\/2528"}],"wp:featuredmedia":[{"embeddable":true,"href":"https:\/\/wuselkusen.de\/index.php?rest_route=\/wp\/v2\/media\/2525"}],"wp:attachment":[{"href":"https:\/\/wuselkusen.de\/index.php?rest_route=%2Fwp%2Fv2%2Fmedia&parent=2523"}],"wp:term":[{"taxonomy":"category","embeddable":true,"href":"https:\/\/wuselkusen.de\/index.php?rest_route=%2Fwp%2Fv2%2Fcategories&post=2523"},{"taxonomy":"post_tag","embeddable":true,"href":"https:\/\/wuselkusen.de\/index.php?rest_route=%2Fwp%2Fv2%2Ftags&post=2523"}],"curies":[{"name":"wp","href":"https:\/\/api.w.org\/{rel}","templated":true}]}}