{"id":2473,"date":"2022-08-06T09:17:00","date_gmt":"2022-08-06T09:17:00","guid":{"rendered":"https:\/\/wuselkusen.de\/?p=2473"},"modified":"2022-08-06T09:17:17","modified_gmt":"2022-08-06T09:17:17","slug":"interview-mit-der-buergermeisterin","status":"publish","type":"post","link":"https:\/\/wuselkusen.de\/?p=2473","title":{"rendered":"Interview mit der B\u00fcrgermeisterin Am\u00e9lie"},"content":{"rendered":"<p><b>Wie fandest du die Sitzung? <br \/>\n<\/b><i>Eigentlich ganz gut, wir haben viel besprochen aber es gab leider ein paar Leute die viel quatsch gemacht haben. Beschlossen hatten wir jedoch nur die Wasserschlacht<\/i>.<\/p>\n<p><b>Wie findest du die Rolle als B\u00fcrgermeisterin?<\/b> <br \/>\n<i>Gut. Ich kann zwar von 10:00 Uhr bis 12:00 Uhr meinen Job nicht machen, aber es macht sehr viel Spa\u00df mit dem Stadtrat zusammenzusitzen und \u00fcber die Zukunft der Stadt Wuselkusen zu beraten.<\/i><\/p>\n<p><b>Konntest du alles umsetzen was du versprochen hast?<\/b> <br \/>\n<i>Nicht alles, z.B. die Idee von mehr Arbeitspl\u00e4tzen bei der Bank konnte nicht umgesetzt werden, aber ich gebe mir M\u00fche eure W\u00fcnsche so gut es geht zu erf\u00fcllen. <\/i><\/p>\n<p><b>Worauf habt ihr euch am Ende geeinigt?<\/b> <br \/>\n<i>Wir wollen auf jeden Fall die Pl\u00e4tze im Kino erweitern und die Preise generell senken lassen.Dann haben wir noch gestern (16:00 Uhr \u2013 17:00 Uhr) und heute (15:30 Uhr \u2013 17:00 Uhr) eine Wasserschlacht f\u00fcr euch geplant (ob es heute am 05.08.22 zu einer Wasser Schlacht kommt ist noch nicht sicher, wir werden euch \u00fcber das Radio informieren.<\/i><\/p>\n<p>&nbsp;<\/p>\n","protected":false},"excerpt":{"rendered":"<p>Wie fandest du die Sitzung? Eigentlich ganz gut, wir haben viel besprochen aber es gab leider ein paar Leute die viel quatsch gemacht haben. Beschlossen hatten wir jedoch nur die Wasserschlacht. Wie findest du die Rolle als B\u00fcrgermeisterin? Gut. Ich kann zwar von 10:00 Uhr bis 12:00 Uhr meinen Job nicht machen, aber es macht [&hellip;]<\/p>\n","protected":false},"author":2,"featured_media":2355,"comment_status":"open","ping_status":"open","sticky":false,"template":"","format":"standard","meta":{"footnotes":""},"categories":[1],"tags":[],"class_list":["post-2473","post","type-post","status-publish","format-standard","has-post-thumbnail","hentry","category-uncategorized"],"_links":{"self":[{"href":"https:\/\/wuselkusen.de\/index.php?rest_route=\/wp\/v2\/posts\/2473","targetHints":{"allow":["GET"]}}],"collection":[{"href":"https:\/\/wuselkusen.de\/index.php?rest_route=\/wp\/v2\/posts"}],"about":[{"href":"https:\/\/wuselkusen.de\/index.php?rest_route=\/wp\/v2\/types\/post"}],"author":[{"embeddable":true,"href":"https:\/\/wuselkusen.de\/index.php?rest_route=\/wp\/v2\/users\/2"}],"replies":[{"embeddable":true,"href":"https:\/\/wuselkusen.de\/index.php?rest_route=%2Fwp%2Fv2%2Fcomments&post=2473"}],"version-history":[{"count":2,"href":"https:\/\/wuselkusen.de\/index.php?rest_route=\/wp\/v2\/posts\/2473\/revisions"}],"predecessor-version":[{"id":2476,"href":"https:\/\/wuselkusen.de\/index.php?rest_route=\/wp\/v2\/posts\/2473\/revisions\/2476"}],"wp:featuredmedia":[{"embeddable":true,"href":"https:\/\/wuselkusen.de\/index.php?rest_route=\/wp\/v2\/media\/2355"}],"wp:attachment":[{"href":"https:\/\/wuselkusen.de\/index.php?rest_route=%2Fwp%2Fv2%2Fmedia&parent=2473"}],"wp:term":[{"taxonomy":"category","embeddable":true,"href":"https:\/\/wuselkusen.de\/index.php?rest_route=%2Fwp%2Fv2%2Fcategories&post=2473"},{"taxonomy":"post_tag","embeddable":true,"href":"https:\/\/wuselkusen.de\/index.php?rest_route=%2Fwp%2Fv2%2Ftags&post=2473"}],"curies":[{"name":"wp","href":"https:\/\/api.w.org\/{rel}","templated":true}]}}