{"id":2466,"date":"2022-08-06T09:09:21","date_gmt":"2022-08-06T09:09:21","guid":{"rendered":"https:\/\/wuselkusen.de\/?p=2466"},"modified":"2022-08-06T09:09:21","modified_gmt":"2022-08-06T09:09:21","slug":"antrittsbesuch-im-rathaus-von-konz","status":"publish","type":"post","link":"https:\/\/wuselkusen.de\/?p=2466","title":{"rendered":"Antrittsbesuch im Rathaus von Konz"},"content":{"rendered":"<p>Zu einem ersten Erfahrungsaustausch trafen sich der Stadtrat und die B\u00fcrgermeisterin Am\u00e9lie mit B\u00fcrgermeister Joachim Weber im Rathaus von Konz. Fragen zu den Aufgaben eines B\u00fcrgermeisters, zur Qualifikation, der Verwaltung und den Gremien wurden diskutiert.<\/p>\n<p>B\u00fcrgermeister Joachim Weber begr\u00fc\u00dfte die neuen Kollegen:innen und dankte ihnen f\u00fcr ihr Engagement im neuen Stadtteil &#8222;Wuselkusen&#8220;.<\/p>\n<p>&nbsp;<\/p>\n","protected":false},"excerpt":{"rendered":"<p>Zu einem ersten Erfahrungsaustausch trafen sich der Stadtrat und die B\u00fcrgermeisterin Am\u00e9lie mit B\u00fcrgermeister Joachim Weber im Rathaus von Konz. Fragen zu den Aufgaben eines B\u00fcrgermeisters, zur Qualifikation, der Verwaltung und den Gremien wurden diskutiert. B\u00fcrgermeister Joachim Weber begr\u00fc\u00dfte die neuen Kollegen:innen und dankte ihnen f\u00fcr ihr Engagement im neuen Stadtteil &#8222;Wuselkusen&#8220;. &nbsp;<\/p>\n","protected":false},"author":2,"featured_media":2361,"comment_status":"open","ping_status":"open","sticky":false,"template":"","format":"standard","meta":{"footnotes":""},"categories":[1],"tags":[],"class_list":["post-2466","post","type-post","status-publish","format-standard","has-post-thumbnail","hentry","category-uncategorized"],"_links":{"self":[{"href":"https:\/\/wuselkusen.de\/index.php?rest_route=\/wp\/v2\/posts\/2466","targetHints":{"allow":["GET"]}}],"collection":[{"href":"https:\/\/wuselkusen.de\/index.php?rest_route=\/wp\/v2\/posts"}],"about":[{"href":"https:\/\/wuselkusen.de\/index.php?rest_route=\/wp\/v2\/types\/post"}],"author":[{"embeddable":true,"href":"https:\/\/wuselkusen.de\/index.php?rest_route=\/wp\/v2\/users\/2"}],"replies":[{"embeddable":true,"href":"https:\/\/wuselkusen.de\/index.php?rest_route=%2Fwp%2Fv2%2Fcomments&post=2466"}],"version-history":[{"count":1,"href":"https:\/\/wuselkusen.de\/index.php?rest_route=\/wp\/v2\/posts\/2466\/revisions"}],"predecessor-version":[{"id":2467,"href":"https:\/\/wuselkusen.de\/index.php?rest_route=\/wp\/v2\/posts\/2466\/revisions\/2467"}],"wp:featuredmedia":[{"embeddable":true,"href":"https:\/\/wuselkusen.de\/index.php?rest_route=\/wp\/v2\/media\/2361"}],"wp:attachment":[{"href":"https:\/\/wuselkusen.de\/index.php?rest_route=%2Fwp%2Fv2%2Fmedia&parent=2466"}],"wp:term":[{"taxonomy":"category","embeddable":true,"href":"https:\/\/wuselkusen.de\/index.php?rest_route=%2Fwp%2Fv2%2Fcategories&post=2466"},{"taxonomy":"post_tag","embeddable":true,"href":"https:\/\/wuselkusen.de\/index.php?rest_route=%2Fwp%2Fv2%2Ftags&post=2466"}],"curies":[{"name":"wp","href":"https:\/\/api.w.org\/{rel}","templated":true}]}}