{"id":2463,"date":"2022-08-06T09:01:56","date_gmt":"2022-08-06T09:01:56","guid":{"rendered":"https:\/\/wuselkusen.de\/?p=2463"},"modified":"2026-01-26T14:49:56","modified_gmt":"2026-01-26T14:49:56","slug":"wuselkusen-hat-gewaehlt","status":"publish","type":"post","link":"https:\/\/wuselkusen.de\/?p=2463","title":{"rendered":"Wuselkusen hat gew\u00e4hlt"},"content":{"rendered":"<p><i>Nach einem spannenden Wahlkampf hatten die B\u00fcrger:innen von Wuselkusen am Mittwoch morgen die M\u00f6glichkeit ihre Stimme f\u00fcr die B\u00fcrgermeisterwahl abzugeben. <\/i><\/p>\n<p><i>Die Wahlbeteiligung war \u00fcberw\u00e4ltigend, denn alle B\u00fcrger:innen haben von ihrem Stimmrecht gebrauch gemacht. <\/i><i>Die meisten Stimmen konnte Am\u00e9lie Ott f\u00fcr sich gewinnen und somit neue B\u00fcrgermeisterin der Spielstadt Wuselkusen ist. <\/i><i>Weitere acht Kandidaten:innen wurden zudem in den Stadtrat gew\u00e4hlt.<\/i><\/p>\n<p><i>In ihrer ersten Rede dankte Am\u00e9lie allen B\u00fcrger:innen f\u00fcr das Vertrauen, dass ihr entgegen gebracht wurde. <br \/>\n<\/i><\/p>\n<p>Als eine der ersten Amtshandlungen der neuen B\u00fcrgermeisterin und des Stadtrates von Wuselkusen wird der Antrittsbesuch beim B\u00fcrgermeister Joachim Weber im Rathaus von Konz sein, um sich \u00fcber Aufgaben und Erfahrungen auszutauschen.<\/p>\n","protected":false},"excerpt":{"rendered":"<p>Nach einem spannenden Wahlkampf hatten die B\u00fcrger:innen von Wuselkusen am Mittwoch morgen die M\u00f6glichkeit ihre Stimme f\u00fcr die B\u00fcrgermeisterwahl abzugeben. Die Wahlbeteiligung war \u00fcberw\u00e4ltigend, denn alle B\u00fcrger:innen haben von ihrem Stimmrecht gebrauch gemacht. Die meisten Stimmen konnte Am\u00e9lie Ott f\u00fcr sich gewinnen und somit neue B\u00fcrgermeisterin der Spielstadt Wuselkusen ist. Weitere acht Kandidaten:innen wurden zudem [&hellip;]<\/p>\n","protected":false},"author":2,"featured_media":2347,"comment_status":"closed","ping_status":"closed","sticky":false,"template":"","format":"standard","meta":{"footnotes":""},"categories":[1],"tags":[],"class_list":["post-2463","post","type-post","status-publish","format-standard","has-post-thumbnail","hentry","category-uncategorized"],"_links":{"self":[{"href":"https:\/\/wuselkusen.de\/index.php?rest_route=\/wp\/v2\/posts\/2463","targetHints":{"allow":["GET"]}}],"collection":[{"href":"https:\/\/wuselkusen.de\/index.php?rest_route=\/wp\/v2\/posts"}],"about":[{"href":"https:\/\/wuselkusen.de\/index.php?rest_route=\/wp\/v2\/types\/post"}],"author":[{"embeddable":true,"href":"https:\/\/wuselkusen.de\/index.php?rest_route=\/wp\/v2\/users\/2"}],"replies":[{"embeddable":true,"href":"https:\/\/wuselkusen.de\/index.php?rest_route=%2Fwp%2Fv2%2Fcomments&post=2463"}],"version-history":[{"count":2,"href":"https:\/\/wuselkusen.de\/index.php?rest_route=\/wp\/v2\/posts\/2463\/revisions"}],"predecessor-version":[{"id":2465,"href":"https:\/\/wuselkusen.de\/index.php?rest_route=\/wp\/v2\/posts\/2463\/revisions\/2465"}],"wp:featuredmedia":[{"embeddable":true,"href":"https:\/\/wuselkusen.de\/index.php?rest_route=\/wp\/v2\/media\/2347"}],"wp:attachment":[{"href":"https:\/\/wuselkusen.de\/index.php?rest_route=%2Fwp%2Fv2%2Fmedia&parent=2463"}],"wp:term":[{"taxonomy":"category","embeddable":true,"href":"https:\/\/wuselkusen.de\/index.php?rest_route=%2Fwp%2Fv2%2Fcategories&post=2463"},{"taxonomy":"post_tag","embeddable":true,"href":"https:\/\/wuselkusen.de\/index.php?rest_route=%2Fwp%2Fv2%2Ftags&post=2463"}],"curies":[{"name":"wp","href":"https:\/\/api.w.org\/{rel}","templated":true}]}}