{"id":2314,"date":"2022-08-03T14:14:55","date_gmt":"2022-08-03T14:14:55","guid":{"rendered":"https:\/\/wuselkusen.de\/?p=2314"},"modified":"2022-08-04T10:16:33","modified_gmt":"2022-08-04T10:16:33","slug":"test","status":"publish","type":"post","link":"https:\/\/wuselkusen.de\/?p=2314","title":{"rendered":"Die Spielstadt in Konz ist er\u00f6ffnet"},"content":{"rendered":"<h2 data-da-header=\"true\" data-da-id=\"206\" data-da-next=\"207\" data-da-prev=\"205\" data-da-focused=\"false\" data-da-down=\"207\" data-da-up=\"205\"><span style=\"font-size: 16px;\">Die Spielstadt \u201eWuselkusen\u201c in Konz er\u00f6ffnet. B\u00fcrgermeister Joachim Weber \u00fcbergibt die Stadt-Schl\u00fcssel im Haus der Jugend<\/span><\/h2>\n<p><img fetchpriority=\"high\" decoding=\"async\" class=\"alignnone wp-image-2277 size-full\" src=\"https:\/\/wuselkusen.de\/wp-content\/uploads\/2022\/08\/wuselkusen-schluesseluebergabe02.jpg\" alt=\"\" width=\"780\" height=\"535\" srcset=\"https:\/\/wuselkusen.de\/wp-content\/uploads\/2022\/08\/wuselkusen-schluesseluebergabe02.jpg 780w, https:\/\/wuselkusen.de\/wp-content\/uploads\/2022\/08\/wuselkusen-schluesseluebergabe02-300x206.jpg 300w, https:\/\/wuselkusen.de\/wp-content\/uploads\/2022\/08\/wuselkusen-schluesseluebergabe02-768x527.jpg 768w\" sizes=\"(max-width: 780px) 100vw, 780px\" \/><\/p>\n<p class=\"paragraph\"><strong>Konz, 1. August 2022<\/strong><\/p>\n<p class=\"paragraph\">Wie funktioniert eigentlich ein Stadtrat? Wie regeln Erwachsene ihren Alltag und auf was m\u00fcssen sie achten? Antworten auf diese Fragen erlernen Kinder in spielender Art und Weise in der Kinderspielstadt Wuselkusen. Die Sommerferienaktion im Haus der Jugend findet alle zwei Jahre statt.<\/p>\n<p class=\"paragraph\">Zum Auftakt am Montag \u00fcberreichte der Konzer B\u00fcrgermeister Joachim Weber symbolisch die Schl\u00fcssel zu \u201eWuselkusen\u201c. Im Laufe der Woche wird der in der Spielstadt gew\u00e4hlte Kinder-Stadtrat auch das echte Rathaus besuchen.<\/p>\n<p>Bei der Sommerferienaktion erleben 125 Kinder im Alter zwischen 7 und 13 Jahren eine Woche lang, wie eine Stadt funktioniert. Sie schl\u00fcpfen in Rollen, lernen Entscheidungen zu treffen und Konflikte zu l\u00f6sen. Dazu entstand beim Haus der Jugend eine richtige kleine Stadt mit Werkst\u00e4tten, Beh\u00f6rden, Gesch\u00e4ften und Ateliers.<\/p>\n","protected":false},"excerpt":{"rendered":"<p>Die Spielstadt \u201eWuselkusen\u201c in Konz er\u00f6ffnet. B\u00fcrgermeister Joachim Weber \u00fcbergibt die Stadt-Schl\u00fcssel im Haus der Jugend Konz, 1. August 2022 Wie funktioniert eigentlich ein Stadtrat? Wie regeln Erwachsene ihren Alltag und auf was m\u00fcssen sie achten? Antworten auf diese Fragen erlernen Kinder in spielender Art und Weise in der Kinderspielstadt Wuselkusen. Die Sommerferienaktion im Haus [&hellip;]<\/p>\n","protected":false},"author":2,"featured_media":2268,"comment_status":"open","ping_status":"open","sticky":false,"template":"","format":"standard","meta":{"footnotes":""},"categories":[1],"tags":[],"class_list":["post-2314","post","type-post","status-publish","format-standard","has-post-thumbnail","hentry","category-uncategorized"],"_links":{"self":[{"href":"https:\/\/wuselkusen.de\/index.php?rest_route=\/wp\/v2\/posts\/2314","targetHints":{"allow":["GET"]}}],"collection":[{"href":"https:\/\/wuselkusen.de\/index.php?rest_route=\/wp\/v2\/posts"}],"about":[{"href":"https:\/\/wuselkusen.de\/index.php?rest_route=\/wp\/v2\/types\/post"}],"author":[{"embeddable":true,"href":"https:\/\/wuselkusen.de\/index.php?rest_route=\/wp\/v2\/users\/2"}],"replies":[{"embeddable":true,"href":"https:\/\/wuselkusen.de\/index.php?rest_route=%2Fwp%2Fv2%2Fcomments&post=2314"}],"version-history":[{"count":4,"href":"https:\/\/wuselkusen.de\/index.php?rest_route=\/wp\/v2\/posts\/2314\/revisions"}],"predecessor-version":[{"id":2376,"href":"https:\/\/wuselkusen.de\/index.php?rest_route=\/wp\/v2\/posts\/2314\/revisions\/2376"}],"wp:featuredmedia":[{"embeddable":true,"href":"https:\/\/wuselkusen.de\/index.php?rest_route=\/wp\/v2\/media\/2268"}],"wp:attachment":[{"href":"https:\/\/wuselkusen.de\/index.php?rest_route=%2Fwp%2Fv2%2Fmedia&parent=2314"}],"wp:term":[{"taxonomy":"category","embeddable":true,"href":"https:\/\/wuselkusen.de\/index.php?rest_route=%2Fwp%2Fv2%2Fcategories&post=2314"},{"taxonomy":"post_tag","embeddable":true,"href":"https:\/\/wuselkusen.de\/index.php?rest_route=%2Fwp%2Fv2%2Ftags&post=2314"}],"curies":[{"name":"wp","href":"https:\/\/api.w.org\/{rel}","templated":true}]}}